{"id":302,"date":"2023-03-07T14:39:00","date_gmt":"2023-03-07T14:39:00","guid":{"rendered":"http:\/\/www.regndroppar.com\/blogg\/qub\/?p=302"},"modified":"2023-04-09T10:43:54","modified_gmt":"2023-04-09T10:43:54","slug":"med-media-och-engagemang-digitalt-workshop","status":"publish","type":"post","link":"http:\/\/www.regndroppar.com\/blogg\/qub\/2023\/03\/07\/med-media-och-engagemang-digitalt-workshop\/","title":{"rendered":"MED: Media och Engagemang, Digitalt &#8211; Workshop"},"content":{"rendered":"<span class=\"span-reading-time rt-reading-time\" style=\"display: block;\"><span class=\"rt-label rt-prefix\">L\u00e4stid: <\/span> <span class=\"rt-time\"> 3<\/span> <span class=\"rt-label rt-postfix\">minuter<\/span><\/span>\n<p class=\"wp-block-paragraph\">Du kan ditt jobb, \u00e4r rent av riktigt bra p\u00e5 det &#8211; men det h\u00e4r med foto, video, stream spela in material, presentationer och intervjuer &#8211; det k\u00e4nns inte riktigt som din grej \u00e4nd\u00e5\u2026 fast vet du vad?<\/p>\n\n\n\n<ul class=\"wp-block-list\"><li>Du fixar detta MED!<\/li><\/ul>\n\n\n\n<p class=\"wp-block-paragraph\">MED: Media och Engagemang, Digitalt<br>En workshop med Andreas Melin<\/p>\n\n\n\n<p class=\"wp-block-paragraph\">Med pandemin kom Skype, Zoom och Teams och efter att pandemin la sig s\u00e5 f\u00f6rsvann inte dessa digitala kanaler, utan de forts\u00e4tter bara v\u00e4xa sig allt starkare och breda ut sig mer &#8211; p\u00e5 gott och ont.<\/p>\n\n\n\n<ul class=\"wp-block-list\"><li>F\u00f6r de flesta av oss ogillar att vara med p\u00e5 bild, tala in p\u00e5 telefonsvarare, plus m\u00e5nga ogillar telefonsamtal eller att k\u00e4nna att man st\u00e5r i fokus<\/li><\/ul>\n\n\n\n<p class=\"wp-block-paragraph\">Som professionell i ditt jobb kan det vara viktigt att du uppfattas seri\u00f6s via streamat material och de amat\u00f6raktiga videos som man kunnat g\u00f6ra f\u00f6r att presentera olika saker sedan 80-talet, \u00e4r om\u00f6jliga att anv\u00e4nda i en tid av storytelling, cinematiska videos och sociala medier. S\u00e5 hur g\u00f6r man n\u00e4r man tvingas g\u00e5 fr\u00e5n det personliga m\u00f6tet, till att ha, skaffa och g\u00f6ra digitalt format av det.?<\/p>\n\n\n\n<p class=\"wp-block-paragraph\">Det h\u00e4r \u00e4r en enkel, grundl\u00e4ggande och tydlig workshop kring hur du skapar egna videos, intervjuer, instruktioner, presentationer, talking-heads och annat videomaterial &#8211; helt sj\u00e4lv och med din egen smartphone.<\/p>\n\n\n\n<p class=\"wp-block-paragraph\">Du kan idag g\u00f6ra biofilmer med din mobil, men hur g\u00f6r man det?<\/p>\n\n\n\n<p class=\"wp-block-paragraph\">Hur skall du g\u00f6ra, om du, skall best\u00e4lla videomaterial, eller n\u00e5gon skall best\u00e4lla av dig?<\/p>\n\n\n\n<p class=\"wp-block-paragraph\">Hur och vad skall du filma?<\/p>\n\n\n\n<p class=\"wp-block-paragraph\">Vad g\u00f6r man om man filmat en j\u00e4ttebra sekvens, men bilden blir d\u00e5lig f\u00f6r en kort stund? Hur g\u00f6r man med bakgrund ljud, hur ser man till att r\u00f6sten \u00e4r tydlig? Hur f\u00e5r man material att inte p\u00e5minna om en d\u00e5ligt dubbat utl\u00e4ndsk film fr\u00e5n 70-talet om man anv\u00e4nder flera k\u00e4llor f\u00f6r ljud och bild?<\/p>\n\n\n\n<p class=\"wp-block-paragraph\">Vad kan man g\u00f6ra sj\u00e4lv, b\u00e5de om man \u00e4r ensam med tekniken eller om det \u00e4r s\u00e5 att du dessutom \u00e4r den som skall vara med p\u00e5 bild? Hur f\u00e5r man folk att slappna av, bra ljus utan studiolampor &#8211; kort och gott, hur g\u00f6r man sj\u00e4lv material som h\u00e5ller h\u00f6g kvalitet av idag? Helt sj\u00e4lv\u2026 och utan att spr\u00e4nga banken\u2026?<\/p>\n\n\n\n<p class=\"wp-block-paragraph\">S\u00e5 vad \u00e4r bra material?<\/p>\n\n\n\n<p class=\"wp-block-paragraph\">Ofta kan vi l\u00e4tt peka ut det och koppla det till vad vi kallar riktiga fotografer, filmare och modeller\u2026<\/p>\n\n\n\n<p class=\"wp-block-paragraph\">Men vet du varf\u00f6r paparazzi kameran smattar? Vet du varf\u00f6r landskap fotografer lyckas s\u00e5 bra och hur det kommer sig att man s\u00e5 l\u00e4tt ser vad som var en billig instruktions video fr\u00e5n 80\/90-talet &#8211; trots att man just d\u00e5 f\u00e5tt m\u00f6jlighet i att investera i bra utrustning?<\/p>\n\n\n\n<p class=\"wp-block-paragraph\">T\u00e4nk Microsoft Word, word-art i regnb\u00e5gens f\u00e4rger och typsnittet comic sans eller papyrys samt clipart\u2026<\/p>\n\n\n\n<ul class=\"wp-block-list\"><li>Det \u00e4r egentligen inget fel p\u00e5 n\u00e5got av det.<\/li><\/ul>\n\n\n\n<p class=\"wp-block-paragraph\">I grunden handlar det om en okunskap kring tekniken och framf\u00f6r allt att man inte \u00f6vat. Modeller blir bra p\u00e5 bild f\u00f6r att de medverkat p\u00e5 tusentals bilder, fotografer f\u00e5r bra bilder f\u00f6r att de tar s\u00e5 m\u00e5nga och filmare skapar bra material f\u00f6r att de filmar s\u00e5 mycket mer \u00e4n vad du n\u00e5gonsin ser &#8211; samt alla av dem blir bra f\u00f6r att de f\u00f6rst\u00e5r mediet.<\/p>\n\n\n\n<p class=\"wp-block-paragraph\">I denna workshop &#8211; s\u00e5 l\u00e4gger vi broar \u00f6ver den digitala klyftan f\u00f6r att l\u00e4ttsamt, enkelt, praktiskt och tydligt, g\u00e5 igenom allt fr\u00e5n hur man normalt g\u00f6r n\u00e4r man filmar med mobilen, till vilka termer som g\u00e4ller n\u00e4r man pratar med kunder, filmare och editorer samt man sj\u00e4lv kan fr\u00e5gas om, hur man sj\u00e4lv blir och kan f\u00e5 andra att k\u00e4nna sig trygga framf\u00f6r kameran. Olika tekniker f\u00f6r att filma &#8211; till vilken information man beh\u00f6ver innan samt efter man filmar, f\u00f6r kund, filmare och editor och hur man tar det till n\u00e4sta niv\u00e5 kring ljud, ljus, komposition och kamerar\u00f6relser med storytelling, sounddesign och cinematiska upplevelser samt ser \u00f6ver vilka investeringar man kan g\u00f6ra i extra utrustning.<\/p>\n\n\n\n<p class=\"wp-block-paragraph\">T\u00e4nk och k\u00e4nn inte att du inte f\u00f6rst\u00e5r eller kan detta &#8211; f\u00f6r vi visar dig hur du l\u00e4tt fixar detta: MED!<\/p>\n\n\n\n<p class=\"wp-block-paragraph\">V\u00e4lkommen till<br>MED: Media och Engagemang, Digitalt<br>En workshop med mig Andreas Melin.<\/p>\n\n\n\n<figure class=\"wp-block-embed is-type-video is-provider-youtube wp-block-embed-youtube wp-embed-aspect-16-9 wp-has-aspect-ratio\"><div class=\"wp-block-embed__wrapper\">\n<iframe title=\"MED: Media och Engagemang, Digitalt - Workshop 2023 \/\/ Presentation\" width=\"690\" height=\"388\" src=\"https:\/\/www.youtube.com\/embed\/X5OY7tZTwzU?feature=oembed\" frameborder=\"0\" allow=\"accelerometer; autoplay; clipboard-write; encrypted-media; gyroscope; picture-in-picture; web-share\" allowfullscreen><\/iframe>\n<\/div><figcaption>https:\/\/bit.ly\/3ZDYvKl<\/figcaption><\/figure>\n<div class=\"gsp_post_data\" \r\n\t            data-post_type=\"post\" \r\n\t            data-cat=\"redaktionellt,video\" \r\n\t            data-modified=\"120\"\r\n\t            data-created=\"1678199940\"\r\n\t            data-title=\"MED: Media och Engagemang, Digitalt &#8211; Workshop\" \r\n\t            data-home=\"http:\/\/www.regndroppar.com\/blogg\/qub\"><\/div><div style=\"margin: 20px 0;\"><div class=\"qrcswholewtapper\" style=\"text-align:left;\"><div class=\"qrcprowrapper\"  id=\"qrcwraa2leds\"><div class=\"qrc_canvass\" id=\"qrc_cuttenpages_2\" style=\"display:inline-block\" data-text=\"http:\/\/www.regndroppar.com\/blogg\/qub\/2023\/03\/07\/med-media-och-engagemang-digitalt-workshop\/\"><\/div><\/div><\/div><\/div>","protected":false},"excerpt":{"rendered":"<p><span class=\"span-reading-time rt-reading-time\" style=\"display: block;\"><span class=\"rt-label rt-prefix\">L\u00e4stid: <\/span> <span class=\"rt-time\"> 3<\/span> <span class=\"rt-label rt-postfix\">minuter<\/span><\/span>Du kan ditt jobb, \u00e4r rent av riktigt bra p\u00e5 det &#8211; men det h\u00e4r med foto, video, stream spela in material, presentationer och intervjuer &#8211; det k\u00e4nns inte riktigt som din grej \u00e4nd\u00e5\u2026 fast vet du vad? Du fixar &hellip; <a class=\"more-link\" href=\"http:\/\/www.regndroppar.com\/blogg\/qub\/2023\/03\/07\/med-media-och-engagemang-digitalt-workshop\/\">l\u00e4s mer<\/a><\/p>","protected":false},"author":10,"featured_media":303,"comment_status":"open","ping_status":"open","sticky":false,"template":"","format":"standard","meta":{"_crdt_document":"","_daextrevop_audio_file_url":"","_daextrevop_audio_file_creation_date":"","_daextrevop_text_to_speech":"","_daextrevop_document_type":"","footnotes":""},"categories":[6,27],"tags":[212,219,211,217,213,218,220,171,221,215,208,216,210,214,170,209],"class_list":["post-302","post","type-post","status-publish","format-standard","has-post-thumbnail","hentry","category-redaktionellt","category-video","tag-autentisk","tag-cinematiskt","tag-engagemang","tag-filmmaking","tag-genuin","tag-intervjuteknik","tag-ljudproduktion","tag-podd","tag-presentation","tag-sakerhet","tag-skype","tag-smartphone","tag-teams","tag-trygghet","tag-vlog","tag-zoom"],"jetpack_featured_media_url":"http:\/\/www.regndroppar.com\/blogg\/qub\/files\/2023\/04\/video-med-e1680878467840.jpg","blog_post_layout_featured_media_urls":{"thumbnail":["http:\/\/www.regndroppar.com\/blogg\/qub\/files\/2023\/04\/video-med-e1680878467840-150x150.jpg",150,150,true],"full":["http:\/\/www.regndroppar.com\/blogg\/qub\/files\/2023\/04\/video-med-e1680878467840.jpg",616,345,false]},"categories_names":{"6":{"name":"Info","link":"http:\/\/www.regndroppar.com\/blogg\/qub\/category\/redaktionellt\/"},"27":{"name":"Video","link":"http:\/\/www.regndroppar.com\/blogg\/qub\/category\/redaktionellt\/video\/"}},"tags_names":{"212":{"name":"autentisk","link":"http:\/\/www.regndroppar.com\/blogg\/qub\/tag\/autentisk\/"},"219":{"name":"cinematiskt","link":"http:\/\/www.regndroppar.com\/blogg\/qub\/tag\/cinematiskt\/"},"211":{"name":"Engagemang","link":"http:\/\/www.regndroppar.com\/blogg\/qub\/tag\/engagemang\/"},"217":{"name":"filmmaking","link":"http:\/\/www.regndroppar.com\/blogg\/qub\/tag\/filmmaking\/"},"213":{"name":"genuin","link":"http:\/\/www.regndroppar.com\/blogg\/qub\/tag\/genuin\/"},"218":{"name":"intervjuteknik","link":"http:\/\/www.regndroppar.com\/blogg\/qub\/tag\/intervjuteknik\/"},"220":{"name":"ljudproduktion","link":"http:\/\/www.regndroppar.com\/blogg\/qub\/tag\/ljudproduktion\/"},"171":{"name":"podd","link":"http:\/\/www.regndroppar.com\/blogg\/qub\/tag\/podd\/"},"221":{"name":"presentation","link":"http:\/\/www.regndroppar.com\/blogg\/qub\/tag\/presentation\/"},"215":{"name":"s\u00e4kerhet","link":"http:\/\/www.regndroppar.com\/blogg\/qub\/tag\/sakerhet\/"},"208":{"name":"Skype","link":"http:\/\/www.regndroppar.com\/blogg\/qub\/tag\/skype\/"},"216":{"name":"smartphone","link":"http:\/\/www.regndroppar.com\/blogg\/qub\/tag\/smartphone\/"},"210":{"name":"Teams","link":"http:\/\/www.regndroppar.com\/blogg\/qub\/tag\/teams\/"},"214":{"name":"trygghet","link":"http:\/\/www.regndroppar.com\/blogg\/qub\/tag\/trygghet\/"},"170":{"name":"vlog","link":"http:\/\/www.regndroppar.com\/blogg\/qub\/tag\/vlog\/"},"209":{"name":"Zoom","link":"http:\/\/www.regndroppar.com\/blogg\/qub\/tag\/zoom\/"}},"comments_number":"1","_links":{"self":[{"href":"http:\/\/www.regndroppar.com\/blogg\/qub\/wp-json\/wp\/v2\/posts\/302","targetHints":{"allow":["GET"]}}],"collection":[{"href":"http:\/\/www.regndroppar.com\/blogg\/qub\/wp-json\/wp\/v2\/posts"}],"about":[{"href":"http:\/\/www.regndroppar.com\/blogg\/qub\/wp-json\/wp\/v2\/types\/post"}],"author":[{"embeddable":true,"href":"http:\/\/www.regndroppar.com\/blogg\/qub\/wp-json\/wp\/v2\/users\/10"}],"replies":[{"embeddable":true,"href":"http:\/\/www.regndroppar.com\/blogg\/qub\/wp-json\/wp\/v2\/comments?post=302"}],"version-history":[{"count":1,"href":"http:\/\/www.regndroppar.com\/blogg\/qub\/wp-json\/wp\/v2\/posts\/302\/revisions"}],"predecessor-version":[{"id":304,"href":"http:\/\/www.regndroppar.com\/blogg\/qub\/wp-json\/wp\/v2\/posts\/302\/revisions\/304"}],"wp:featuredmedia":[{"embeddable":true,"href":"http:\/\/www.regndroppar.com\/blogg\/qub\/wp-json\/wp\/v2\/media\/303"}],"wp:attachment":[{"href":"http:\/\/www.regndroppar.com\/blogg\/qub\/wp-json\/wp\/v2\/media?parent=302"}],"wp:term":[{"taxonomy":"category","embeddable":true,"href":"http:\/\/www.regndroppar.com\/blogg\/qub\/wp-json\/wp\/v2\/categories?post=302"},{"taxonomy":"post_tag","embeddable":true,"href":"http:\/\/www.regndroppar.com\/blogg\/qub\/wp-json\/wp\/v2\/tags?post=302"}],"curies":[{"name":"wp","href":"https:\/\/api.w.org\/{rel}","templated":true}]}}