{"id":310,"date":"2023-04-07T15:05:44","date_gmt":"2023-04-07T15:05:44","guid":{"rendered":"http:\/\/www.regndroppar.com\/blogg\/qub\/?p=310"},"modified":"2023-05-11T11:57:09","modified_gmt":"2023-05-11T11:57:09","slug":"utbildnings-koncept","status":"publish","type":"post","link":"http:\/\/www.regndroppar.com\/blogg\/qub\/2023\/04\/07\/utbildnings-koncept\/","title":{"rendered":"Utbildnings koncept"},"content":{"rendered":"<span class=\"span-reading-time rt-reading-time\" style=\"display: block;\"><span class=\"rt-label rt-prefix\">L\u00e4stid: <\/span> <span class=\"rt-time\"> 2<\/span> <span class=\"rt-label rt-postfix\">minuter<\/span><\/span>\n<p class=\"wp-block-paragraph\">Under de senaste m\u00e5naderna har underlaget f\u00f6r flera olika workshops, masterclasses, bootcamps och rena inspirations f\u00f6rel\u00e4sningar blivit uppsatta och utvecklade.<\/p>\n\n\n\n<p class=\"wp-block-paragraph\">Samtliga kurser \u00e4r anpassade f\u00f6r m\u00e4nniskor utan n\u00e5gon tidigare erfarenhet eller kunskap, men samtidigt uppbyggda p\u00e5 det s\u00e4ttet att \u00e4ven om man har koll och kunskap, s\u00e5 finns det massor av saker som man kan ta till sig &#8211; utan att k\u00e4nna att det \u00e4r f\u00f6r grundl\u00e4ggande och basic.<\/p>\n\n\n\n<p class=\"wp-block-paragraph\">Allt handlar om att l\u00e4ra sig och f\u00f6rst\u00e5 utifr\u00e5n konkreta exempel.<\/p>\n\n\n\n<p class=\"wp-block-paragraph\">Till dessa kommer \u00e4ven personlig mediacoachning och s\u00e5nt som profilfoto samt personliga videopresentationer som \u00e4r individuellt anpassade och utvecklade.<\/p>\n\n\n\n<p class=\"wp-block-paragraph\">I f\u00f6rsta hand riktar sig dessa koncept till dem inom digital divide, den sk. digitala klyftan, d\u00e4r man inte ser, tror, kan, k\u00e4nner eller anser sig inte ha m\u00f6jligheterna och kunskapen till att synas eller g\u00f6ra saker sj\u00e4lv.<\/p>\n\n\n\n<p class=\"wp-block-paragraph\">&#8211; Detta oavsett om man personligen \u00e4r i n\u00e5gon form av utanf\u00f6rskap eller k\u00e4nner sig distanserad fr\u00e5n m\u00f6jligheter, till dem inom en organisation, konsert, f\u00f6retag eller egen verksamhet d\u00e4r man egentligen vill och skulle beh\u00f6va klara av dessa digitala saker, men anser sig inte kunna eller ha verktygen till det.<\/p>\n\n\n\n<p class=\"wp-block-paragraph\"><strong>QUB MATERIAL<\/strong><\/p>\n\n\n\n<p class=\"wp-block-paragraph\"><strong><a href=\"http:\/\/www.regndroppar.com\/blogg\/qub\/2022\/08\/27\/aidide-individuell-digital-egenmakt\/\" data-type=\"URL\">AID:IDE<\/a> &#8211; Individuell Digital Egenmakt<\/strong><br>Inneh\u00e5ll: <em><a href=\"http:\/\/www.regndroppar.com\/blogg\/qub\/2022\/08\/27\/aidide-individuell-digital-egenmakt\/\">Presentation\/non-verbal\/m\u00f6jligheter &amp; r\u00e4ttigheter<\/a><\/em><\/p>\n\n\n\n<figure class=\"wp-block-image size-large\"><a href=\"https:\/\/bit.ly\/3Qi1HGp\"><img fetchpriority=\"high\" decoding=\"async\" width=\"960\" height=\"346\" src=\"http:\/\/www.regndroppar.com\/blogg\/qub\/files\/2023\/04\/video-aide-1.jpg\" alt=\"\" class=\"wp-image-311\" srcset=\"http:\/\/www.regndroppar.com\/blogg\/qub\/files\/2023\/04\/video-aide-1.jpg 960w, http:\/\/www.regndroppar.com\/blogg\/qub\/files\/2023\/04\/video-aide-1-300x108.jpg 300w, http:\/\/www.regndroppar.com\/blogg\/qub\/files\/2023\/04\/video-aide-1-768x277.jpg 768w\" sizes=\"(max-width: 960px) 100vw, 960px\" \/><\/a><figcaption><a href=\"https:\/\/bit.ly\/3Qi1HGp\">https:\/\/bit.ly\/3Qi1HGp<\/a><\/figcaption><\/figure>\n\n\n\n<hr class=\"wp-block-separator\"\/>\n\n\n\n<p class=\"wp-block-paragraph\"><strong><a href=\"http:\/\/www.regndroppar.com\/blogg\/qub\/2023\/02\/13\/du-digitalt-unik-masterclass\/\">DU<\/a>: Digitalt Unik &#8211; MasterClass 2023 \/\/ Presentation<\/strong><br>Inneh\u00e5ll: <em><a href=\"http:\/\/www.regndroppar.com\/blogg\/qub\/2023\/02\/13\/du-digitalt-unik-masterclass\/\">Personal marketing\/branding\/content<\/a><\/em><\/p>\n\n\n\n<figure class=\"wp-block-image size-large\"><a href=\"https:\/\/bit.ly\/40QaN3x\"><img decoding=\"async\" width=\"960\" height=\"346\" src=\"http:\/\/www.regndroppar.com\/blogg\/qub\/files\/2023\/04\/video-du-1.jpg\" alt=\"\" class=\"wp-image-312\" srcset=\"http:\/\/www.regndroppar.com\/blogg\/qub\/files\/2023\/04\/video-du-1.jpg 960w, http:\/\/www.regndroppar.com\/blogg\/qub\/files\/2023\/04\/video-du-1-300x108.jpg 300w, http:\/\/www.regndroppar.com\/blogg\/qub\/files\/2023\/04\/video-du-1-768x277.jpg 768w\" sizes=\"(max-width: 960px) 100vw, 960px\" \/><\/a><figcaption><a href=\"https:\/\/bit.ly\/40QaN3x\">https:\/\/bit.ly\/40QaN3x<\/a><\/figcaption><\/figure>\n\n\n\n<hr class=\"wp-block-separator\"\/>\n\n\n\n<p class=\"wp-block-paragraph\"><strong><a href=\"http:\/\/www.regndroppar.com\/blogg\/qub\/2023\/03\/07\/art-artificiell-risk-och-teknik-introduktion\/\">ART<\/a>: Artificiell Risk och Teknik &#8211; Introduktion 2023 \/\/ Presentation<\/strong><br>Inneh\u00e5ll: <em><a href=\"http:\/\/www.regndroppar.com\/blogg\/qub\/2023\/03\/07\/art-artificiell-risk-och-teknik-introduktion\/\">AI\/AR\/VR\/MR\/ny teknik<\/a><\/em><\/p>\n\n\n\n<figure class=\"wp-block-image size-large\"><a href=\"https:\/\/bit.ly\/3EHNXBt\"><img decoding=\"async\" width=\"960\" height=\"346\" src=\"http:\/\/www.regndroppar.com\/blogg\/qub\/files\/2023\/04\/video-art-1.jpg\" alt=\"\" class=\"wp-image-313\" srcset=\"http:\/\/www.regndroppar.com\/blogg\/qub\/files\/2023\/04\/video-art-1.jpg 960w, http:\/\/www.regndroppar.com\/blogg\/qub\/files\/2023\/04\/video-art-1-300x108.jpg 300w, http:\/\/www.regndroppar.com\/blogg\/qub\/files\/2023\/04\/video-art-1-768x277.jpg 768w\" sizes=\"(max-width: 960px) 100vw, 960px\" \/><\/a><figcaption><a href=\"https:\/\/bit.ly\/3EHNXBt\">https:\/\/bit.ly\/3EHNXBt<\/a><\/figcaption><\/figure>\n\n\n\n<hr class=\"wp-block-separator\"\/>\n\n\n\n<p class=\"wp-block-paragraph\"><strong><a href=\"http:\/\/www.regndroppar.com\/blogg\/qub\/2023\/03\/07\/med-media-och-engagemang-digitalt-workshop\/\">MED<\/a>: Media och Engagemang, Digitalt &#8211; Workshop 2023 \/\/ Presentation<\/strong><br>Inneh\u00e5ll: <em><a href=\"http:\/\/www.regndroppar.com\/blogg\/qub\/2023\/03\/07\/med-media-och-engagemang-digitalt-workshop\/\">Digitalt utanf\u00f6rskap\/smartphone filmmaking\/storytelling<\/a><\/em><\/p>\n\n\n\n<figure class=\"wp-block-image size-large\"><a href=\"https:\/\/bit.ly\/3ZDYvKl\"><img loading=\"lazy\" decoding=\"async\" width=\"960\" height=\"346\" src=\"http:\/\/www.regndroppar.com\/blogg\/qub\/files\/2023\/04\/video-med-1.jpg\" alt=\"\" class=\"wp-image-314\" srcset=\"http:\/\/www.regndroppar.com\/blogg\/qub\/files\/2023\/04\/video-med-1.jpg 960w, http:\/\/www.regndroppar.com\/blogg\/qub\/files\/2023\/04\/video-med-1-300x108.jpg 300w, http:\/\/www.regndroppar.com\/blogg\/qub\/files\/2023\/04\/video-med-1-768x277.jpg 768w\" sizes=\"(max-width: 960px) 100vw, 960px\" \/><\/a><figcaption><a href=\"https:\/\/bit.ly\/3ZDYvKl\">https:\/\/bit.ly\/3ZDYvKl<\/a><\/figcaption><\/figure>\n\n\n\n<hr class=\"wp-block-separator\"\/>\n\n\n\n<p class=\"wp-block-paragraph\"><strong><a href=\"http:\/\/www.regndroppar.com\/blogg\/qub\/2023\/05\/10\/dock-digitalt-officiellt-cinematisk-kommunikation\/\">DOCK<\/a>: Digitalt, Officiellt &amp; Cinematisk Kommunikation &#8211; Online 2023 <\/strong><br>Inneh\u00e5ll: <em><a href=\"http:\/\/www.regndroppar.com\/blogg\/qub\/2023\/05\/10\/dock-digitalt-officiellt-cinematisk-kommunikation\/\">Smartphone filmmaking\/Storytelling\/AI<\/a><\/em><br><\/p>\n\n\n\n<figure class=\"wp-block-image size-large\"><a href=\"https:\/\/bit.ly\/3W4jJ3r\"><img loading=\"lazy\" decoding=\"async\" width=\"960\" height=\"346\" src=\"http:\/\/www.regndroppar.com\/blogg\/qub\/files\/2023\/05\/video-dock.jpg\" alt=\"\" class=\"wp-image-667\" srcset=\"http:\/\/www.regndroppar.com\/blogg\/qub\/files\/2023\/05\/video-dock.jpg 960w, http:\/\/www.regndroppar.com\/blogg\/qub\/files\/2023\/05\/video-dock-300x108.jpg 300w, http:\/\/www.regndroppar.com\/blogg\/qub\/files\/2023\/05\/video-dock-768x277.jpg 768w\" sizes=\"(max-width: 960px) 100vw, 960px\" \/><\/a><figcaption><a href=\"https:\/\/bit.ly\/3W4jJ3r\" target=\"_blank\" rel=\"noreferrer noopener\">https:\/\/bit.ly\/3W4jJ3r<\/a><\/figcaption><\/figure>\n\n\n\n<hr class=\"wp-block-separator\"\/>\n\n\n\n<p class=\"wp-block-paragraph\">Mer uppl\u00e4gg \u00e4r under arbete, och det innefattar \u00e4ven webinarium samt poddcasts.<\/p>\n\n\n\n<p class=\"wp-block-paragraph\">Avrundar med en l\u00e4nk till en ren och konkret presentation om min egen bakgrund och historik, i ett poddformat:<\/p>\n\n\n\n<figure class=\"wp-block-embed is-type-rich is-provider-soundcloud wp-block-embed-soundcloud wp-embed-aspect-4-3 wp-has-aspect-ratio\"><div class=\"wp-block-embed__wrapper\">\n<iframe title=\"Podden om mig by AID\" width=\"690\" height=\"400\" scrolling=\"no\" frameborder=\"no\" src=\"https:\/\/w.soundcloud.com\/player\/?visual=true&#038;url=https%3A%2F%2Fapi.soundcloud.com%2Ftracks%2F1507254730&#038;show_artwork=true&#038;maxheight=1000&#038;maxwidth=690&#038;secret_token=s-5MW7WQy4wpI\"><\/iframe>\n<\/div><figcaption><a href=\"https:\/\/bit.ly\/3NKXPzR\" target=\"_blank\" rel=\"noreferrer noopener\">https:\/\/bit.ly\/3NKXPzR<\/a><\/figcaption><\/figure>\n\n\n\n<hr class=\"wp-block-separator\"\/>\n\n\n\n<p class=\"wp-block-paragraph\">H\u00e4r \u00e4r \u00e4ven ett par \u00e4ldre enkela presentationer kring det som jag gjorde tidigare:<\/p>\n\n\n\n<figure class=\"wp-block-embed is-type-video is-provider-youtube wp-block-embed-youtube wp-embed-aspect-16-9 wp-has-aspect-ratio\"><div class=\"wp-block-embed__wrapper\">\n<iframe title=\"Mediastudion: Presentation \/\/ HT-20 \/\/ [Endast Internt] - Full\" width=\"690\" height=\"388\" src=\"https:\/\/www.youtube.com\/embed\/Hm-eyznA5gY?feature=oembed\" frameborder=\"0\" allow=\"accelerometer; autoplay; clipboard-write; encrypted-media; gyroscope; picture-in-picture; web-share\" allowfullscreen><\/iframe>\n<\/div><figcaption><a href=\"https:\/\/bit.ly\/3eiEEKb\" target=\"_blank\" rel=\"noreferrer noopener\">https:\/\/bit.ly\/3eiEEKb<\/a><\/figcaption><\/figure>\n\n\n\n<p class=\"wp-block-paragraph\">&#8230;samt tv\u00e5 kortare presentationer fr\u00e5n samma tid:<\/p>\n\n\n\n<figure class=\"wp-block-embed is-type-video is-provider-youtube wp-block-embed-youtube wp-embed-aspect-16-9 wp-has-aspect-ratio\"><div class=\"wp-block-embed__wrapper\">\n<iframe title=\"IDE: Introduktion \/\/ workshop-inspirationsf\u00f6rel\u00e4sning\" width=\"690\" height=\"388\" src=\"https:\/\/www.youtube.com\/embed\/ZGs6tBJMW5I?feature=oembed\" frameborder=\"0\" allow=\"accelerometer; autoplay; clipboard-write; encrypted-media; gyroscope; picture-in-picture; web-share\" allowfullscreen><\/iframe>\n<\/div><figcaption><a href=\"http:\/\/bit.ly\/2QFiBAM\" target=\"_blank\" rel=\"noreferrer noopener\">http:\/\/bit.ly\/2QFiBAM<\/a><\/figcaption><\/figure>\n\n\n\n<figure class=\"wp-block-embed is-type-video is-provider-youtube wp-block-embed-youtube wp-embed-aspect-16-9 wp-has-aspect-ratio\"><div class=\"wp-block-embed__wrapper\">\n<iframe title=\"Mediastudion HT-2019\/VT-2020: Heliosgatan\" width=\"690\" height=\"388\" src=\"https:\/\/www.youtube.com\/embed\/8k9IM5JToVo?feature=oembed\" frameborder=\"0\" allow=\"accelerometer; autoplay; clipboard-write; encrypted-media; gyroscope; picture-in-picture; web-share\" allowfullscreen><\/iframe>\n<\/div><figcaption><a href=\"http:\/\/bit.ly\/2MEvFFz\" target=\"_blank\" rel=\"noreferrer noopener\">http:\/\/bit.ly\/2MEvFFz<\/a><\/figcaption><\/figure>\n<div class=\"gsp_post_data\" \r\n\t            data-post_type=\"post\" \r\n\t            data-cat=\"information,links\" \r\n\t            data-modified=\"120\"\r\n\t            data-created=\"1680879944\"\r\n\t            data-title=\"Utbildnings koncept\" \r\n\t            data-home=\"http:\/\/www.regndroppar.com\/blogg\/qub\"><\/div><div style=\"margin: 20px 0;\"><div class=\"qrcswholewtapper\" style=\"text-align:left;\"><div class=\"qrcprowrapper\"  id=\"qrcwraa2leds\"><div class=\"qrc_canvass\" id=\"qrc_cuttenpages_2\" style=\"display:inline-block\" data-text=\"http:\/\/www.regndroppar.com\/blogg\/qub\/2023\/04\/07\/utbildnings-koncept\/\"><\/div><\/div><\/div><\/div>","protected":false},"excerpt":{"rendered":"<p><span class=\"span-reading-time rt-reading-time\" style=\"display: block;\"><span class=\"rt-label rt-prefix\">L\u00e4stid: <\/span> <span class=\"rt-time\"> 2<\/span> <span class=\"rt-label rt-postfix\">minuter<\/span><\/span>Under de senaste m\u00e5naderna har underlaget f\u00f6r flera olika workshops, masterclasses, bootcamps och rena inspirations f\u00f6rel\u00e4sningar blivit uppsatta och utvecklade. <a class=\"more-link\" href=\"http:\/\/www.regndroppar.com\/blogg\/qub\/2023\/04\/07\/utbildnings-koncept\/\">l\u00e4s mer<\/a><\/p>","protected":false},"author":10,"featured_media":315,"comment_status":"open","ping_status":"open","sticky":false,"template":"","format":"standard","meta":{"_crdt_document":"","_daextrevop_audio_file_url":"","_daextrevop_audio_file_creation_date":"","_daextrevop_text_to_speech":"","_daextrevop_document_type":"","footnotes":""},"categories":[1,59],"tags":[917,206,920,230,921,231,922,919,918,207,897],"class_list":["post-310","post","type-post","status-publish","format-standard","has-post-thumbnail","hentry","category-information","category-links","tag-aid","tag-art","tag-bootcamp","tag-du","tag-forelasning","tag-ide","tag-kurs","tag-masterclasses","tag-med","tag-qub","tag-workshops"],"jetpack_featured_media_url":"http:\/\/www.regndroppar.com\/blogg\/qub\/files\/2023\/04\/qub-studio.jpg","blog_post_layout_featured_media_urls":{"thumbnail":["http:\/\/www.regndroppar.com\/blogg\/qub\/files\/2023\/04\/qub-studio-150x150.jpg",150,150,true],"full":["http:\/\/www.regndroppar.com\/blogg\/qub\/files\/2023\/04\/qub-studio.jpg",1299,731,false]},"categories_names":{"1":{"name":"Blogg","link":"http:\/\/www.regndroppar.com\/blogg\/qub\/category\/information\/"},"59":{"name":"L\u00e4nkar","link":"http:\/\/www.regndroppar.com\/blogg\/qub\/category\/information\/links\/"}},"tags_names":{"917":{"name":"AID","link":"http:\/\/www.regndroppar.com\/blogg\/qub\/tag\/aid\/"},"206":{"name":"ART","link":"http:\/\/www.regndroppar.com\/blogg\/qub\/tag\/art\/"},"920":{"name":"bootcamp","link":"http:\/\/www.regndroppar.com\/blogg\/qub\/tag\/bootcamp\/"},"230":{"name":"DU","link":"http:\/\/www.regndroppar.com\/blogg\/qub\/tag\/du\/"},"921":{"name":"f\u00f6rel\u00e4sning","link":"http:\/\/www.regndroppar.com\/blogg\/qub\/tag\/forelasning\/"},"231":{"name":"IDE","link":"http:\/\/www.regndroppar.com\/blogg\/qub\/tag\/ide\/"},"922":{"name":"kurs","link":"http:\/\/www.regndroppar.com\/blogg\/qub\/tag\/kurs\/"},"919":{"name":"masterclasses","link":"http:\/\/www.regndroppar.com\/blogg\/qub\/tag\/masterclasses\/"},"918":{"name":"MED","link":"http:\/\/www.regndroppar.com\/blogg\/qub\/tag\/med\/"},"207":{"name":"QUB","link":"http:\/\/www.regndroppar.com\/blogg\/qub\/tag\/qub\/"},"897":{"name":"workshops","link":"http:\/\/www.regndroppar.com\/blogg\/qub\/tag\/workshops\/"}},"comments_number":"0","_links":{"self":[{"href":"http:\/\/www.regndroppar.com\/blogg\/qub\/wp-json\/wp\/v2\/posts\/310","targetHints":{"allow":["GET"]}}],"collection":[{"href":"http:\/\/www.regndroppar.com\/blogg\/qub\/wp-json\/wp\/v2\/posts"}],"about":[{"href":"http:\/\/www.regndroppar.com\/blogg\/qub\/wp-json\/wp\/v2\/types\/post"}],"author":[{"embeddable":true,"href":"http:\/\/www.regndroppar.com\/blogg\/qub\/wp-json\/wp\/v2\/users\/10"}],"replies":[{"embeddable":true,"href":"http:\/\/www.regndroppar.com\/blogg\/qub\/wp-json\/wp\/v2\/comments?post=310"}],"version-history":[{"count":11,"href":"http:\/\/www.regndroppar.com\/blogg\/qub\/wp-json\/wp\/v2\/posts\/310\/revisions"}],"predecessor-version":[{"id":679,"href":"http:\/\/www.regndroppar.com\/blogg\/qub\/wp-json\/wp\/v2\/posts\/310\/revisions\/679"}],"wp:featuredmedia":[{"embeddable":true,"href":"http:\/\/www.regndroppar.com\/blogg\/qub\/wp-json\/wp\/v2\/media\/315"}],"wp:attachment":[{"href":"http:\/\/www.regndroppar.com\/blogg\/qub\/wp-json\/wp\/v2\/media?parent=310"}],"wp:term":[{"taxonomy":"category","embeddable":true,"href":"http:\/\/www.regndroppar.com\/blogg\/qub\/wp-json\/wp\/v2\/categories?post=310"},{"taxonomy":"post_tag","embeddable":true,"href":"http:\/\/www.regndroppar.com\/blogg\/qub\/wp-json\/wp\/v2\/tags?post=310"}],"curies":[{"name":"wp","href":"https:\/\/api.w.org\/{rel}","templated":true}]}}